{"id":475,"date":"2021-02-07T17:32:49","date_gmt":"2021-02-07T17:32:49","guid":{"rendered":"https:\/\/codetofreedom.com\/nl\/de-maan-en-betekenis-van-haar-8-verschillende-fasen\/"},"modified":"2021-02-09T16:40:28","modified_gmt":"2021-02-09T16:40:28","slug":"de-maan-en-betekenis-van-8-verschillende-fasen","status":"publish","type":"post","link":"https:\/\/codetofreedom.com\/sv\/manen-och-mening-av-8-olika-faser\/","title":{"rendered":"M\u00e5nen och inneb\u00f6rden av dess 8 olika faser"},"content":{"rendered":"<p>Varje m\u00e5nad kommer m\u00e5nen att g\u00e5 igenom olika faser. Detta beror p\u00e5 m\u00e4ngden yta som uts\u00e4tts f\u00f6r solljus. Du kan beundra en fullm\u00e5ne n\u00e4r den \u00e4r helt upplyst av solen. Under en v\u00e4xande m\u00e5ne \u00e4r bara den h\u00f6gra sidan av m\u00e5nen upplyst.<\/p>\n<p>In de oudheid was de maan een mystieke energie waar mensen heel weinig vanaf wisten. Vandaar dat je nog steeds veel kunt lezen over mythen en legendes over deze heldere nachtelijke bol. Een voorbeeld hiervan was het idee dat een volle maan mensen een beetje in de war maakten. Er werd gezegd dat wanneer er een volle maan was, alle krankzinnige mensen tevoorschijn zouden komen, en dat is waar de term &#8216;lunatic&#8217;, oftewel \u201cgek\u201d in het Engels vandaan komt.<\/p>\n<h2 id=\"40k81\">Varf\u00f6r sp\u00e5ras m\u00e5nens faser i vissa religioner?<\/h2>\n<p>M\u00e5nens cykel \u00e4r en viktig del av l\u00e4ran f\u00f6r m\u00e5nga hedniska religioner, s\u00e5som Wicca. M\u00e5nen ses som gudinnan, med solen som guden. Var och en av m\u00e5nens tre huvudfaser h\u00e4nf\u00f6rs till en viss fas i gudinnans liv. Detta kallas &quot;Trippelgudinnan&quot; och representerar f\u00f6ljande;<\/p>\n<ul>\n<li>fullm\u00e5ne, \u00e4ven k\u00e4nd som flickan<\/li>\n<li>avtagande m\u00e5ne, eller modern<\/li>\n<li>halvm\u00e5ne, \u00e4ven kallad gumman<\/li>\n<\/ul>\n<p>Dessa tre stadier representerar f\u00f6delse, liv och d\u00f6d. Denna betydelse p\u00e5minner oss om att allt i v\u00e5r v\u00e4rld har en b\u00f6rjan, mitten och ett slut.<\/p>\n<h2 id=\"7mapj\">Varf\u00f6r ska m\u00e5nen p\u00e5verka oss?<\/h2>\n<p>Vi vet redan att m\u00e5nen \u00e4r en viktig del av v\u00e5rt solsystem och h\u00e5ller jordens balans i schack. M\u00e5nens gravitation p\u00e5verkar ebb och flod och s\u00e5 vi kan anta att den har n\u00e5gon slags effekt p\u00e5 v\u00e5rt fysiska jag. Kan vi ocks\u00e5 p\u00e5verkas av m\u00e5nen?<\/p>\n<figure class=\"image regular\"><picture><source srcset=\"https:\/\/codetofreedom.com\/wp-content\/uploads\/2021\/02\/photo-1533294455009-a77b7557d2d1_d19e176e635444a5bebd6472e3a16824_800.jpg 1x\" media=\"(max-width: 768px)\" \/><source srcset=\"https:\/\/codetofreedom.com\/wp-content\/uploads\/2021\/02\/photo-1533294455009-a77b7557d2d1_d19e176e635444a5bebd6472e3a16824_800.jpg 1x\" media=\"(min-width: 769px)\" \/><img class=\"aligncenter\" src=\"https:\/\/codetofreedom.com\/wp-content\/uploads\/2021\/02\/photo-1533294455009-a77b7557d2d1_d19e176e635444a5bebd6472e3a16824_800.jpg\" alt=\"Varf\u00f6r ska m\u00e5nen p\u00e5verka oss?\" \/><\/picture><figcaption>Varf\u00f6r ska m\u00e5nen p\u00e5verka oss? (<a href=\"https:\/\/unsplash.com\/photos\/TbuescuqMjA\" target=\"_blank\" rel=\"noopener\">bild<\/a>.)<\/figcaption><\/figure>\n<p>I en mer andlig mening \u00e4r m\u00e5ncykeln f\u00f6rh\u00e5llandet mellan solen och m\u00e5nen, gudinnan och guden. Till exempel ses en fullm\u00e5ne som mer kraftfull eftersom gudens fulla ljus lyser upp gudinnan och lyser p\u00e5 oss. Det \u00e4r en kombination av tv\u00e5 av de starkaste krafterna i v\u00e4rlden. I takt med att ljuset bleknar, f\u00f6rsvinner ocks\u00e5 dess intensiva gravitationsdrag, tills nym\u00e5nen rullar runt och vi vilar, laddar om och b\u00f6rjar om.<\/p>\n<h2 id=\"elibq\">Vad betyder de olika m\u00e5nfaserna?<\/h2>\n<p>N\u00e4r vi pratar om m\u00e5ncykeln finns det \u00e5tta huvudfaser, dessa \u00e4r:<\/p>\n<ul>\n<li>nym\u00e5nen<\/li>\n<li>Crescent Crescent Moon<\/li>\n<li>F\u00f6rsta kvartalet<\/li>\n<li>Den v\u00e4xande m\u00e5nen<\/li>\n<li>Fullm\u00e5nen<\/li>\n<li>Den avtagande m\u00e5nen<\/li>\n<li>Sista kvartalet<\/li>\n<li>Den avtagande halvm\u00e5nen<\/li>\n<\/ul>\n<p>Cykeln b\u00f6rjar med den m\u00f6rka nym\u00e5nen, r\u00f6r sig l\u00e5ngsamt in i den v\u00e4xande m\u00e5nen, n\u00e5r sin fulla styrka under fullm\u00e5nen och sakta bleknar genom den avtagande m\u00e5nen och tillbaka till en nym\u00e5ne. Dessa faser har olika betydelser och energier som vi kan anv\u00e4nda och vi ska titta p\u00e5 hur vi kan anv\u00e4nda dem alla nedan.<\/p>\n<h3 id=\"8rh4l\">nym\u00e5nen<\/h3>\n<p>Nym\u00e5nen kan inte ses, eftersom solen \u00e4r bakom m\u00e5nen och d\u00e4rf\u00f6r lyser upp sidan bort fr\u00e5n jorden. Detta \u00e4r ocks\u00e5 b\u00f6rjan p\u00e5 en ny m\u00e5ncykel och intr\u00e4ffar en g\u00e5ng i m\u00e5naden.<\/p>\n<p>Nym\u00e5nen \u00e4r den b\u00e4sta f\u00f6r nya b\u00f6rjan och uppl\u00f6sningar f\u00f6r den kommande m\u00e5naden. Det \u00e4r b\u00f6rjan p\u00e5 en helt ny m\u00e5ncykel, s\u00e5 det \u00e4r den perfekta tiden att g\u00f6ra planer och best\u00e4mma vad du vill \u00e5stadkomma under de kommande 29 dagarna.<\/p>\n<p><strong>Nyckelord<\/strong>: avsikt, ny b\u00f6rjan, nystart<\/p>\n<h3 id=\"528a\">Crescent Crescent Moon<\/h3>\n<p>Halvm\u00e5nen ses som en halvm\u00e5ne p\u00e5 himlen, upplyst till h\u00f6ger n\u00e4r solen sakta b\u00f6rjar r\u00f6ra sig fr\u00e5n sin plats bakom m\u00e5nen. Denna m\u00e5nfas \u00e4r det f\u00f6rsta tecknet p\u00e5 att energi byggs upp och om n\u00e5gra dagar kommer m\u00e5nen att ha full kraft.<\/p>\n<p>Eftersom m\u00e5nens kraft l\u00e5ngsamt \u00f6kar under denna fas \u00e4r det alltid ett bra tillf\u00e4lle att arbeta med saker som ditt sj\u00e4lvf\u00f6rtroende, medk\u00e4nsla och sj\u00e4lvs\u00e4kerhet. Bygg upp dig sj\u00e4lv och g\u00f6r verkliga planer f\u00f6r att uppn\u00e5 dina m\u00e5l.<\/p>\n<p><strong>Nyckelord<\/strong>: sj\u00e4lvf\u00f6rtroende, sj\u00e4lvf\u00f6rtroende, planering<\/p>\n<h3 id=\"4il3t\">F\u00f6rsta kvartalet<\/h3>\n<p>Slutligen lyser hela h\u00f6gra sidan av m\u00e5nen upp och vi kan se en ljus halvm\u00e5ne p\u00e5 himlen. Solen st\u00e5r nu sida vid sida med m\u00e5nen och \u00e4r p\u00e5 halv kraft.<\/p>\n<p>Nu \u00e4r det ett bra tillf\u00e4lle att reflektera och ta en paus, njuta av det du har jobbat med hittills och fira dina prestationer. Det h\u00e4r \u00e4r ocks\u00e5 ett bra tillf\u00e4lle att fundera \u00f6ver hur du vill fira fullm\u00e5nen och f\u00f6rbereda dig f\u00f6r n\u00e5gra allvarliga \u00e5tg\u00e4rder.<\/p>\n<p><strong>Nyckelord:<\/strong> reflektion, paus, sj\u00e4lvk\u00e4nsla<\/p>\n<h3 id=\"35gsu\">Den v\u00e4xande m\u00e5nen<\/h3>\n<p>M\u00e5nen i denna fas l\u00e4mnar bara en hal m\u00f6rk m\u00e5ne osynlig. Det \u00e4r ett litet steg bort fr\u00e5n fullm\u00e5ne.<\/p>\n<p>Vi \u00e4r bara en fas ifr\u00e5n fullm\u00e5nen och det \u00e4r dags att sk\u00e4rpa v\u00e5ra intentioner, m\u00e5l och handlingar. Se till att observera alla detaljer och uppm\u00e4rksamma vad som h\u00e4nder b\u00e5de externt och internt.<\/p>\n<p><strong>Nyckelord<\/strong>: sk\u00e4rpning, mindfulness, handling<\/p>\n<h3 id=\"dus1j\">Fullm\u00e5nen<\/h3>\n<p>M\u00e5nen har sin fulla kraft och vi kan utnyttja dess energi f\u00f6r att hj\u00e4lpa oss att manifestera eller f\u00e5 insikt i v\u00e5ra problem.<\/p>\n<p>Denna fas \u00e4r utm\u00e4rkt f\u00f6r att manifestera och l\u00e4gga till extra kraft till dina avsikter. Den h\u00e4r tiden \u00e4r perfekt f\u00f6r att g\u00f6ra ritualer och trollformler eftersom det \u00e4r den mest kraftfulla tiden p\u00e5 m\u00e5naden. Det \u00e4r ocks\u00e5 en bra tid f\u00f6r <a href=\"https:\/\/codetofreedom.com\/sv\/12-beprovade-fordelar-av-varje-dag-meditera\/\" target=\"_blank\" rel=\"noopener\" data-schema-attribute=\"\">meditera<\/a> och laddar kristaller och reng\u00f6r tarotkort.<\/p>\n<p><strong>Nyckelord<\/strong>: manifestation, inre arbete, sp\u00e5dom<\/p>\n<h3 id=\"56a84\">Den avtagande m\u00e5nen<\/h3>\n<p>Den avtagande m\u00e5nen markerar avtagandet av styrka. Solen r\u00f6r sig bort och tar med sig sitt ljus och skapar en skugga p\u00e5 h\u00f6ger sida.<\/p>\n<p>Det h\u00e4r \u00e4r en tid att verkligen v\u00e4nda sig in\u00e5t och utv\u00e4rdera vad som har h\u00e4nt under de senaste dagarna. t\u00e4nk p\u00e5 din fullm\u00e5naritual eller meditation och justera dina avsikter och m\u00e5l f\u00f6r resten av m\u00e5naden.<\/p>\n<p><strong>Nyckelord<\/strong>: bed\u00f6ma, utv\u00e4rdera<\/p>\n<h3 id=\"47khl\">Sista kvartalet<\/h3>\n<p>M\u00e5nen i det sista kvartalet lyser till v\u00e4nster, vilket indikerar att m\u00e5nen nu \u00e4r tillbaka p\u00e5 halv kraft och bleknar.<\/p>\n<p>M\u00e5nen under det sista kvartalet \u00e4r den perfekta tiden att verkligen sl\u00e4ppa taget om allt som h\u00e5ller dig tillbaka eller orsakar negativitet i ditt liv. Dessa kan vara saker som sj\u00e4lvbegr\u00e4nsande \u00f6vertygelser, r\u00e4dsla eller till och med bara en id\u00e9 som fastnat i ditt huvud men inte kan manifesteras. Det som inte l\u00e4ngre tj\u00e4nar dig, sl\u00e4pp det.<\/p>\n<p><strong>Nyckelord<\/strong>: sl\u00e4ppa, sl\u00e4ppa, rensa<\/p>\n<h3 id=\"4ng0m\">Den avtagande halvm\u00e5nen<\/h3>\n<p>Den h\u00e4r m\u00e5nens makt \u00e4r n\u00e4stan \u00f6ver, med endast en liten v\u00e4nstra halvm\u00e5ne synlig p\u00e5 natthimlen. Det \u00e4r snart dags f\u00f6r en nym\u00e5ne och en ny b\u00f6rjan.<\/p>\n<p>Ta ett djupt andetag och \u00f6verl\u00e4mna dig till vad som \u00e4n h\u00e4nde och allt du inte har kontroll \u00f6ver. Om du inte har n\u00e5tt det m\u00e5l du satte upp i b\u00f6rjan av cykeln \u00e4r det bra! Ta ett djupt andetag och \u00f6verl\u00e4mna dig till universums vilja. Snart har du en chans att damma av dig sj\u00e4lv och plocka upp den f\u00f6r att f\u00f6rs\u00f6ka igen.<\/p>\n<p><strong>Nyckelord<\/strong>: \u00f6verl\u00e4mnande, sj\u00e4lvv\u00e4nlighet, medk\u00e4nsla<\/p>\n<p>K\u00e4llor bl.a. Elite daily (<a href=\"https:\/\/www.elitedaily.com\/p\/the-8-moon-phases-how-they-affect-your-body-mind-2754760\" target=\"_blank\" rel=\"nofollow noopener\" data-schema-attribute=\"\">OCH<\/a>), labyrintisk (<a href=\"https:\/\/labyrinthos.co\/blogs\/learn-tarot-with-labyrinthos-academy\/moon-phases-meanings-infographic-a-beginner-s-framework-for-following-lunar-rhythms\" target=\"_blank\" rel=\"nofollow noopener\" data-schema-attribute=\"\">OCH<\/a>)<\/p>\n<p><!-- strchf script --><script>        if(window.strchfSettings === undefined) window.strchfSettings = {};    window.strchfSettings.stats = {url: \"https:\/\/stoerhorloge.storychief.io\/nl\/de-maan-en-betekenis-van-haar-8-verschillende-fasen?id=1936307227&type=2\",title: \"De maan en de betekenis van haar 8 verschillende fasen\",id: \"e6e325ee-a87d-42ca-b4c7-cf002780765c\"};            (function(d, s, id) {      var js, sjs = d.getElementsByTagName(s)[0];      if (d.getElementById(id)) {window.strchf.update(); return;}      js = d.createElement(s); js.id = id;      js.src = \"https:\/\/d37oebn0w9ir6a.cloudfront.net\/scripts\/v0\/strchf.js\";      js.async = true;      sjs.parentNode.insertBefore(js, sjs);    }(document, 'script', 'storychief-jssdk'))    <\/script><!-- End strchf script --><\/p>","protected":false},"excerpt":{"rendered":"<p>Elke maand zal de maan door verschillende fasen gaan. Dit is afhankelijk van de hoeveelheid oppervlak die wordt blootgesteld aan het zonlicht. Een volle maan kan je bewonderen wanneer zij volledig wordt verlicht door de zon. Bij een wassende maan wordt alleen de rechterkant van de maan verlicht. In de oudheid was de maan een [&hellip;]<\/p>","protected":false},"author":3,"featured_media":483,"comment_status":"open","ping_status":"open","sticky":false,"template":"","format":"standard","meta":{"inline_featured_image":false,"tdm_status":"","tdm_grid_status":""},"categories":[22,73],"tags":[76,20,74,75],"_links":{"self":[{"href":"https:\/\/codetofreedom.com\/sv\/wp-json\/wp\/v2\/posts\/475"}],"collection":[{"href":"https:\/\/codetofreedom.com\/sv\/wp-json\/wp\/v2\/posts"}],"about":[{"href":"https:\/\/codetofreedom.com\/sv\/wp-json\/wp\/v2\/types\/post"}],"author":[{"embeddable":true,"href":"https:\/\/codetofreedom.com\/sv\/wp-json\/wp\/v2\/users\/3"}],"replies":[{"embeddable":true,"href":"https:\/\/codetofreedom.com\/sv\/wp-json\/wp\/v2\/comments?post=475"}],"version-history":[{"count":9,"href":"https:\/\/codetofreedom.com\/sv\/wp-json\/wp\/v2\/posts\/475\/revisions"}],"predecessor-version":[{"id":524,"href":"https:\/\/codetofreedom.com\/sv\/wp-json\/wp\/v2\/posts\/475\/revisions\/524"}],"wp:featuredmedia":[{"embeddable":true,"href":"https:\/\/codetofreedom.com\/sv\/wp-json\/wp\/v2\/media\/483"}],"wp:attachment":[{"href":"https:\/\/codetofreedom.com\/sv\/wp-json\/wp\/v2\/media?parent=475"}],"wp:term":[{"taxonomy":"category","embeddable":true,"href":"https:\/\/codetofreedom.com\/sv\/wp-json\/wp\/v2\/categories?post=475"},{"taxonomy":"post_tag","embeddable":true,"href":"https:\/\/codetofreedom.com\/sv\/wp-json\/wp\/v2\/tags?post=475"}],"curies":[{"name":"wp","href":"https:\/\/api.w.org\/{rel}","templated":true}]}}