{"id":2949,"date":"2021-12-29T05:55:27","date_gmt":"2021-12-29T05:55:27","guid":{"rendered":"https:\/\/codetofreedom.com\/?p=2949"},"modified":"2021-12-29T05:55:28","modified_gmt":"2021-12-29T05:55:28","slug":"10-persoonlijke-einde-jaars-vragen-zelfreflectie","status":"publish","type":"post","link":"https:\/\/codetofreedom.com\/sv\/10-personliga-arsslutsfragor-sjalvreflektion\/","title":{"rendered":"10 personliga \u00e5rsslutsfr\u00e5gor f\u00f6r sj\u00e4lvreflektion"},"content":{"rendered":"<p>Har du n\u00e5gonsin anv\u00e4nt reflektionsfr\u00e5gor f\u00f6r att veta om du har haft ett meningsfullt \u00e5r? Anv\u00e4nd fr\u00e5gorna nedan f\u00f6r <a href=\"https:\/\/en.wikipedia.org\/wiki\/Self-reflection\" target=\"_blank\" rel=\"noreferrer noopener\">sj\u00e4lvreflektion<\/a> om det g\u00e5ngna \u00e5ret och det vackra \u00e5ret som kommer!<\/p>\n\n\n\n<p>Medan du f\u00f6rs\u00f6ker balansera ditt personliga liv och karri\u00e4r, f\u00e5r du s\u00e4llan tid att reflektera \u00f6ver ditt liv med hj\u00e4lp av reflektionsfr\u00e5gor.<\/p>\n\n\n\n<p>Reflektion inneb\u00e4r att unders\u00f6ka dina k\u00e4nslor, tankar, handlingar, tidigare beslut, l\u00e5ngsiktiga och kortsiktiga m\u00e5l och utmaningar. Det \u00e4r enkelt: planera f\u00f6r n\u00e4sta \u00e5r genom att unders\u00f6ka vad du har upplevt det senaste \u00e5ret.<\/p>\n\n\n\n<p>Att st\u00e4lla dig sj\u00e4lv reflektionsfr\u00e5gor i slutet av \u00e5ret \u00e4r avg\u00f6rande eftersom det hj\u00e4lper dig att:<\/p>\n\n\n\n<ul><li>Att best\u00e4mma vad du \u00e4r entusiastisk \u00f6ver och vad som g\u00f6r dig lycklig<\/li><li>Utforska hur du kan svara b\u00e4ttre p\u00e5 utmanande och stressiga situationer i framtiden<\/li><li>Erk\u00e4nn dina misstag s\u00e5 att du kan l\u00e4ra dig av dem och f\u00f6rb\u00e4ttra dig sj\u00e4lv som person under det kommande \u00e5ret<\/li><li>Unders\u00f6k de f\u00e4rdigheter och kunskaper du har f\u00f6rv\u00e4rvat under det senaste \u00e5ret<\/li><li>Reflektera \u00f6ver dina segrar och vackra \u00f6gonblick och fira dem<\/li><\/ul>\n\n\n\n<p>Det fina med att reflektera \u00e4r att du inte n\u00f6dv\u00e4ndigtvis beh\u00f6ver g\u00f6ra det i slutet av \u00e5ret. Du kan g\u00f6ra det nu och anv\u00e4nda de \u00e5terst\u00e5ende dagarna p\u00e5 \u00e5ret f\u00f6r att best\u00e4mma dina ny\u00e5rsl\u00f6ften, ny\u00e5rsl\u00f6ften och din tillh\u00f6rande strategi f\u00f6r att uppfylla dem. <\/p>\n\n\n\n<p>Innan du b\u00f6rjar reflektera m\u00e5ste du st\u00e4lla in st\u00e4mningen. Sitt i ett bekv\u00e4mt utrymme med bra musik och utsikt. Slappna av i ditt sinne och din kropp innan du svarar p\u00e5 de 11 reflektionsfr\u00e5gorna nedan.<\/p>\n\n\n\n<h2>Vilket stora misstag gjorde jag i \u00e5r? Vad har jag l\u00e4rt mig av den h\u00e4r erfarenheten?<\/h2>\n\n\n\n<p>Lektionen hj\u00e4lper dig att b\u00e4ttre hantera situationen om det h\u00e4nder igen under n\u00e4sta \u00e5r. Analysera dina misstag och ta reda p\u00e5 vad du l\u00e4rde dig av den erfarenheten. Detta kommer att hj\u00e4lpa dig att v\u00e4xa och n\u00e4rma dig andra situationer med ett unikt perspektiv och attityd.<\/p>\n\n\n\n<h2>Vilka tio saker \u00e4r jag tacksam f\u00f6r i \u00e5r?<\/h2>\n\n\n\n<p>Tacksamhet \u00e4r ett kraftfullt verktyg n\u00e4r du har en positiv <a href=\"\/sv\/tag\/mindset\/\" target=\"_blank\" data-type=\"URL\" data-id=\"\/tag\/mindset\/\" rel=\"noreferrer noopener\">attityd<\/a> vill beh\u00e5lla. Att ut\u00f6va tacksamhet g\u00f6r automatiskt att sinne och kropp k\u00e4nner sig lugna, glada och n\u00f6jda. Med allt kaos och f\u00f6r\u00e4ndringar som sker under \u00e5ret, har vi s\u00e4llan tid att \u00f6va p\u00e5 tacksamhet. Vad \u00e4r du tacksam f\u00f6r varje dag? Svaret p\u00e5 denna reflektionsfr\u00e5ga \u00e4r allt du beh\u00f6ver f\u00f6r att k\u00e4nna dig lugn och n\u00f6jd med dina upplevelser under det senaste \u00e5ret.<\/p>\n\n\n\n<h2>Vilket \u00e4r mitt favoritminne i \u00e5r?<\/h2>\n\n\n\n<p>N\u00e4r du svarar p\u00e5 denna reflektionsfr\u00e5ga, unders\u00f6k vad som g\u00f6r att detta minne sticker ut. \u00c4r det kopplat till din k\u00e4nsla, en person eller upplevelsen? \u00c4r denna k\u00e4nsla negativt eller positivt f\u00f6rknippad med den? Om det \u00e4r negativt, se till att du inte upplever det igen n\u00e4sta \u00e5r. Om det \u00e4r positivt b\u00f6r du ta reda p\u00e5 hur du \u00e5terskapar detta minne.<\/p>\n\n\n\n<h2>\u00c4r min nuvarande situation b\u00e4ttre \u00e4n f\u00f6r fem \u00e5r sedan?<\/h2>\n\n\n\n<p>Tid g\u00f6r s\u00e5 mycket skillnad i v\u00e5ra liv, b\u00e5de stora och sm\u00e5. \u00c4ven om det verkar som om tiden har st\u00e5tt stilla, kommer ditt svar p\u00e5 den h\u00e4r fr\u00e5gan att l\u00e5ta dig veta att du har gjort framsteg under de senaste fem \u00e5ren. <\/p>\n\n\n\n<p>Vid det h\u00e4r laget kanske du inte har uppn\u00e5tt vad du planerat. M\u00e4t inte din framg\u00e5ng i termer av pengar eller rikedom. Du kanske har antagit en b\u00e4ttre personlighet eller attityd som hj\u00e4lper dig att n\u00e4rma dig situationer b\u00e4ttre och driva dig att n\u00e5 dina m\u00e5l det kommande \u00e5ret!<\/p>\n\n\n\n<h2>Vilka fem saker vill jag g\u00f6ra mer n\u00e4sta \u00e5r?<\/h2>\n\n\n\n<p>Att leva i hektiska 24 timmar om dygnet ger lite tid att g\u00f6ra saker vi tycker om. Att g\u00f6ra en lista \u00f6ver de saker du tycker om att g\u00f6ra och inf\u00f6rliva dem i din rutin f\u00f6r n\u00e4sta \u00e5r kan hj\u00e4lpa till att g\u00f6ra detta m\u00f6jligt. Gl\u00f6m inte att avs\u00e4tta tid f\u00f6r vad och vem som g\u00f6r dig lycklig. Allt arbete och inget roligt kommer att g\u00f6ra att du k\u00e4nner dig tr\u00e5kig och oinspirerad.<\/p>\n\n\n\n<p><\/p>\n\n\n\n<h2>Vilka fem saker vill jag uppn\u00e5 n\u00e4sta \u00e5r? Hur kan jag g\u00f6ra detta?<\/h2>\n\n\n\n<p>Det finns ett starkt samband mellan ditt svar p\u00e5 denna reflektionsfr\u00e5ga och dina goda avsikter f\u00f6r det kommande \u00e5ret. N\u00e4r du kartl\u00e4gger dina m\u00e5l f\u00f6r det kommande \u00e5ret vill du ber\u00f6ra alla aspekter av ditt liv, n\u00e4mligen: personligt liv, h\u00e4lsa, andlighet, personlighet, socialt liv, karri\u00e4r, familj och ekonomi. N\u00e4r du har tydliga m\u00e5l f\u00f6r \u00e5ret, skapa ett system som hj\u00e4lper dig att uppn\u00e5 dessa m\u00e5l. Denna plan hj\u00e4lper dig att skapa ett system som g\u00f6r det l\u00e4ttare f\u00f6r dig att uppn\u00e5 dina m\u00e5l. Skapa ett system genom att:<\/p>\n\n\n\n<ul><li>Lista dina m\u00e5l, b\u00e5de p\u00e5 kort och l\u00e5ng sikt<\/li><li>Skapa ett system med deadlines f\u00f6r att ge dig den extra drivkraften att arbeta direkt mot dina m\u00e5l<\/li><li>Sp\u00e5ra dina framsteg, dina vanor och utv\u00e4rdera dig sj\u00e4lv<\/li><\/ul>\n\n\n\n<h2>Vilka tankar h\u00e5ller mig tillbaka fr\u00e5n att n\u00e5 mina m\u00e5l?<\/h2>\n\n\n\n<p>Processen att n\u00e5 dina m\u00e5l b\u00f6rjar i ditt huvud. Dina tankar \u00e4r kraftfulla eftersom de p\u00e5verkar dina handlingar, h\u00e4lsa och drivkraft. H\u00e5ll fast vid negativt bagage som f\u00e5r dig att tro att du \u00e4r det <a href=\"\/sv\/tag\/doelen\/\" target=\"_blank\" rel=\"noreferrer noopener\">m\u00e5l<\/a> kan du inte n\u00e5? <\/p>\n\n\n\n<p>Skydda ditt sinne genom att ge det positiva tankar som hj\u00e4lper dig att beh\u00e5lla ett positivt perspektiv p\u00e5 livet. Var mer medveten och arbeta med dina sj\u00e4lvsabotagem\u00f6nster. Skapa en mindfulness-rutin med meditation, yoga, \u00f6vningar och att st\u00e4lla dig sj\u00e4lv reflektionsfr\u00e5gor.<\/p>\n\n\n\n<h2>Vilka sj\u00e4lvhj\u00e4lpsb\u00f6cker har jag l\u00e4st i \u00e5r?<\/h2>\n\n\n\n<p>Med allt som h\u00e4nder i v\u00e4rlden f\u00e5r vi knappt tid att l\u00e4sa b\u00f6cker och f\u00f6rb\u00e4ttra oss sj\u00e4lva. L\u00e4rande \u00e4r en kontinuerlig process. Det finns alltid utrymme f\u00f6r f\u00f6rb\u00e4ttringar i ditt liv. Begr\u00e4nsa inte din kunskap. Innan du b\u00f6rjar l\u00e4sa en bok, skriv ner alla aspekter av ditt liv som du tycker beh\u00f6ver f\u00f6rb\u00e4ttras lite.<\/p>\n\n\n\n<p>G\u00f6r en lista \u00f6ver sj\u00e4lvhj\u00e4lpsb\u00f6cker som kan hj\u00e4lpa dig att \u00f6vervinna dina brister. Till\u00e4mpa denna kunskap i ditt liv och forts\u00e4tt v\u00e4xa. Alternativt kan du bilda en bokklubb med personer du k\u00e4nner f\u00f6r att se till att du \u00e4r konsekvent och tycker om att l\u00e4sa.<\/p>\n\n\n\n<h2>Hur anv\u00e4nde jag min privata eller fritid?<\/h2>\n\n\n\n<p>Fundera p\u00e5 hur du har anv\u00e4nt din fritid under det senaste \u00e5ret. \u00c4r du n\u00f6jd med det? Har du f\u00e5tt tillr\u00e4ckligt med tid att vila? K\u00e4nde du dig tr\u00f6ttare \u00e4n innan du tillbringade din fritid?<\/p>\n\n\n\n<p>Hoewel het raadzaam is om in je vrije tijd te ontspannen, kun je besluiten deze tijd te gebruiken om je projecten op te bouwen. Je kunt je inschrijven voor een korte online cursus, je vaardigheden aanscherpen, mediteren, focussen op het starten van een &#8220;side business&#8221; of zelfs in deze tijd een nauwere band opbouwen met je dierbaren. Doe wat je gelukkig en ontspannen maakt.<\/p>\n\n\n\n<h2>Vad \u00e4r din avsikt f\u00f6r det kommande \u00e5ret?<\/h2>\n\n\n\n<p>En avsikt kommer att styra dina handlingar under hela \u00e5ret. Svaret p\u00e5 denna reflektionsfr\u00e5ga hj\u00e4lper dig att veta var du ska fokusera din energi n\u00e4r du n\u00e5r dina m\u00e5l. En intention h\u00e5ller din attityd i schack och g\u00f6r det l\u00e4ttare att n\u00e5 dina m\u00e5l snabbare och b\u00e4ttre.<\/p>\n\n\n\n<h2>\u00c4ntligen om sj\u00e4lvreflektion<\/h2>\n\n\n\n<p>Det nya \u00e5ret \u00e4r fullt av o\u00e4ndliga m\u00f6jligheter. Dr\u00f6ja inte vid negativa tankar och resultat. H\u00e5ll en positiv attityd och tro att du kommer att uppn\u00e5 dina ny\u00e5rsl\u00f6ften 2022.<\/p>\n\n\n\n<p><small class=\"sources\">K\u00e4llor inklusive utvecklare (<a href=\"https:\/\/develpreneur.com\/personal-retrospective-and-review-finish-the-year-right\/\" target=\"_blank\" rel=\"noreferrer noopener nofollow\">l\u00e4nk<\/a>), fuzu (<a href=\"https:\/\/www.fuzu.com\/forum\/article\/11-end-of-year-reflection-questions-to-ask-yourself\" target=\"_blank\" rel=\"noreferrer noopener\">l\u00e4nk<\/a>), Medium (<a href=\"https:\/\/medium.com\/personal-growth-lab\/steal-my-end-of-the-year-self-reflection-planning-system-5be3842a17a5\" target=\"_blank\" rel=\"noreferrer noopener nofollow\">l\u00e4nk<\/a>), Tim (<a href=\"https:\/\/tim.blog\/2021\/12\/27\/past-year-review\/\" target=\"_blank\" rel=\"noreferrer noopener nofollow\">l\u00e4nk<\/a>)<\/small><\/p>","protected":false},"excerpt":{"rendered":"<p>Heb je ooit reflectievragen gebruikt om te weten of je een zinvol jaar hebt gehad? Gebruik de onderstaande vragen voor zelfreflectie over het afgelopen jaar en het mooie jaar wat komen gaat! Terwijl je balans probeert aan te brengen tussen je persoonlijke leven en carri\u00e8re, krijg je zelden tijd om na te denken over je [&hellip;]<\/p>","protected":false},"author":1,"featured_media":2968,"comment_status":"open","ping_status":"open","sticky":false,"template":"","format":"standard","meta":{"inline_featured_image":false,"tdm_status":"","tdm_grid_status":""},"categories":[36,22,23],"tags":[133,129,122,30,108,150,14,155,106,130,153,83],"_links":{"self":[{"href":"https:\/\/codetofreedom.com\/sv\/wp-json\/wp\/v2\/posts\/2949"}],"collection":[{"href":"https:\/\/codetofreedom.com\/sv\/wp-json\/wp\/v2\/posts"}],"about":[{"href":"https:\/\/codetofreedom.com\/sv\/wp-json\/wp\/v2\/types\/post"}],"author":[{"embeddable":true,"href":"https:\/\/codetofreedom.com\/sv\/wp-json\/wp\/v2\/users\/1"}],"replies":[{"embeddable":true,"href":"https:\/\/codetofreedom.com\/sv\/wp-json\/wp\/v2\/comments?post=2949"}],"version-history":[{"count":18,"href":"https:\/\/codetofreedom.com\/sv\/wp-json\/wp\/v2\/posts\/2949\/revisions"}],"predecessor-version":[{"id":2967,"href":"https:\/\/codetofreedom.com\/sv\/wp-json\/wp\/v2\/posts\/2949\/revisions\/2967"}],"wp:featuredmedia":[{"embeddable":true,"href":"https:\/\/codetofreedom.com\/sv\/wp-json\/wp\/v2\/media\/2968"}],"wp:attachment":[{"href":"https:\/\/codetofreedom.com\/sv\/wp-json\/wp\/v2\/media?parent=2949"}],"wp:term":[{"taxonomy":"category","embeddable":true,"href":"https:\/\/codetofreedom.com\/sv\/wp-json\/wp\/v2\/categories?post=2949"},{"taxonomy":"post_tag","embeddable":true,"href":"https:\/\/codetofreedom.com\/sv\/wp-json\/wp\/v2\/tags?post=2949"}],"curies":[{"name":"wp","href":"https:\/\/api.w.org\/{rel}","templated":true}]}}