{"id":2915,"date":"2021-12-10T14:35:34","date_gmt":"2021-12-10T14:35:34","guid":{"rendered":"https:\/\/codetofreedom.com\/?p=2915"},"modified":"2021-12-10T14:35:36","modified_gmt":"2021-12-10T14:35:36","slug":"winterdip-seizoensgebonden-affectieve-stoornis","status":"publish","type":"post","link":"https:\/\/codetofreedom.com\/sv\/vinterblues-sasongsbunden-affektiv-storning\/","title":{"rendered":"vinterdopp? 7 saker f\u00f6r att f\u00f6rhindra s\u00e4songsbetonad affektiv sjukdom (SAD)"},"content":{"rendered":"<p>Winter blues eller winter blues \u00e4r faktiskt ett annat namn f\u00f6r s\u00e4songsbunden affektiv st\u00f6rning (SAD). Det \u00e4r en form av depression med ett \u00e5rstidsm\u00f6nster som kan b\u00f6rja p\u00e5 h\u00f6sten och p\u00e5g\u00e5 till v\u00e5ren. N\u00e4r dagarna blir kortare och kallare kan bristen p\u00e5 solljus g\u00f6ra att du k\u00e4nner dig ledsen, har lite energi, eller s\u00e5 kan du uppleva betydande f\u00f6r\u00e4ndringar i s\u00f6mn- och matvanor (oftast vill du sova och \u00e4ta mer) och viljan att g\u00e5 ner i vikt mer och mer utan.<\/p>\n\n\n\n<p>SAD is meer dan alleen een &#8216;winterdip&#8217;. De symptomen kunnen verontrustend en overweldigend zijn en het dagelijkse functioneren verstoren. <a href=\"https:\/\/en.wikipedia.org\/wiki\/Seasonal_affective_disorder\" target=\"_blank\" rel=\"noreferrer noopener\">LEDSEN<\/a> har kopplats till en biokemisk obalans i hj\u00e4rnan orsakad av kortare dagsljus och mindre solljus p\u00e5 vintern.<\/p>\n\n\n\n<p>F\u00f6rutom att vara mitt i de kalla vinterm\u00e5naderna, hanterar vi f\u00f6r n\u00e4rvarande covid-19-pandemin. COVID-19 p\u00e5verkar oss varje dag. Vi \u00e4r isolerade och separerade fr\u00e5n familj och v\u00e4nner. M\u00e5nga k\u00e4mpar med arbetsrelaterad eller annan f\u00f6rlust. Dessa faktorer och andra kan leda till samma symtom som vi ser vid s\u00e4songsbetonade affektiva st\u00f6rningar.<\/p>\n\n\n\n<h2>Vanliga symtom p\u00e5 s\u00e4songsbetonad affektiv sjukdom<\/h2>\n\n\n\n<p>Veel voorkomende symptomen van seizoensgebonden affectieve stoornis, ook wel de &#8220;winterblues&#8221; genoemd kunnen zijn:<\/p>\n\n\n\n<ul><li>K\u00e4nsla av sorg eller nedst\u00e4mdhet.<\/li><li>Markant f\u00f6rlust av intresse eller n\u00f6je i aktiviteter som du normalt tycker om.<\/li><li>Veranderingen in eetlust &#8211; meestal meer eten, verlangen naar koolhydraten.<\/li><li>Verandering in slaap &#8211; meestal te veel slapen.<\/li><li>F\u00f6rlust av energi eller \u00f6kad tr\u00f6tthet trots fler timmars s\u00f6mn.<\/li><li>\u00d6kad rastl\u00f6s aktivitet s\u00e5som pacing, l\u00e5ngsammare r\u00f6relser och tal.<\/li><li>Att k\u00e4nna sig v\u00e4rdel\u00f6s eller skyldig.<\/li><li>Sv\u00e5righeter att koncentrera sig eller fatta beslut.<\/li><li>Depressiva tankar eller v\u00e4rre.<\/li><\/ul>\n\n\n\n<p>SAD kan behandlas effektivt p\u00e5 ett antal s\u00e4tt, inklusive ljusterapi, antidepressiva medel, samtalsterapi eller en kombination av dessa. Medan symtomen i allm\u00e4nhet f\u00f6rb\u00e4ttras av sig sj\u00e4lva med s\u00e4songsbyte, kan symtomen f\u00f6rb\u00e4ttras snabbare med behandling.<\/p>\n\n\n\n<h2>Vad kan du g\u00f6ra f\u00f6r att f\u00f6rhindra ett vinterdopp?<\/h2>\n\n\n\n<p>Lyckligtvis finns det flera steg du kan vidta f\u00f6r att f\u00f6rhindra detta tillst\u00e5nd, med b\u00f6rjan med vissa livsstilsf\u00f6r\u00e4ndringar. Det finns sju olika aspekter av friskv\u00e5rd och du kan fokusera p\u00e5 var och en av dem under de sju h\u00f6st- och vinterm\u00e5naderna:<\/p>\n\n\n\n<p><strong>fysisk<\/strong> \u2013 Att bibeh\u00e5lla motion och en h\u00e4lsosam, balanserad kost \u00e4r bra s\u00e4tt att f\u00f6rb\u00e4ttra ditt hum\u00f6r och energiniv\u00e5er under vinterm\u00e5naderna. Det \u00e4r ocks\u00e5 viktigt att reglera ditt s\u00f6mnm\u00f6nster; undvika att sova under dagen och undvika \u00f6verdriven konsumtion av koffein och alkohol. Leende! Ditt leende kan f\u00f6rb\u00e4ttra ditt hum\u00f6r s\u00e5v\u00e4l som andras.<\/p>\n\n\n\n<p><strong>Emotionell<\/strong> \u2013 H\u00e5ll en dagbok med dig <a href=\"\/sv\/tag\/dankbaarheid\/\" target=\"_blank\" rel=\"noreferrer noopener\">tacksamhet<\/a> Bi. Det \u00e4r l\u00e4tt att sugas in i alla delar av dagen som inte \u00e4r perfekta. G\u00f6r det ist\u00e4llet till en punkt att skriva ner varje dag vad du \u00e4r tacksam f\u00f6r.<\/p>\n\n\n\n<p><strong>Intellektuell<\/strong> \u2013 Vi kan alla komma p\u00e5 anledningar till varf\u00f6r vi inte borde f\u00e5 n\u00e5got gjort, men att g\u00f6ra och h\u00e5lla sig till ett schema kan hj\u00e4lpa dig att undvika isolering och hindra dig fr\u00e5n att \u00e4gna dig \u00e5t saker som f\u00e5r dig att m\u00e5 d\u00e5ligt.<\/p>\n\n\n\n<p><strong>Social<\/strong> \u2013 G\u00f6r ditt b\u00e4sta f\u00f6r att umg\u00e5s p\u00e5 ett s\u00e4kert s\u00e4tt. Under covid-19 k\u00e4nner sig m\u00e5nga m\u00e4nniskor isolerade, s\u00e4rskilt \u00e4ldre vuxna. Uppr\u00e4tth\u00e5ll sociala relationer genom att ringa, skapa en videochatt, skicka ett brev eller till och med skriva n\u00e5gra snabba chattmeddelanden. Genom att checka in med andra m\u00e4nniskor ocks\u00e5 kan du \u00f6ka b\u00e5de ditt sinne och deras.<\/p>\n\n\n\n<p><strong>Milj\u00f6<\/strong>- G\u00e5 ut! \u00c4ven om det bara \u00e4r f\u00f6r n\u00e5gra minuter kan den friska luften och solen hj\u00e4lpa dig att k\u00e4nna dig utvilad. Gl\u00f6dlampor som avger en viss v\u00e5gl\u00e4ngd som efterliknar D-vitaminet i solljus kan ocks\u00e5 vara bra att anv\u00e4nda med j\u00e4mna mellanrum.<\/p>\n\n\n\n<p><strong>andlig<\/strong> \u2013 Ha det h\u00e4r \u00f6gonblicket i \u00e5tanke. Ist\u00e4llet f\u00f6r att fokusera p\u00e5 de negativa aspekterna av vintern, omfamna \u00e5rstiden och hitta saker du tycker om.<\/p>\n\n\n\n<p><strong>M\u00e5linriktad<\/strong> &#8211; Concentreer je op het positieve en probeer je stress te beheersen. Doe iets dat je ontspant, zoals een boek lezen of een bad nemen.<\/p>\n\n\n\n<p>Terwijl we omgaan met de COVID-19-pandemie, is het vooral belangrijk om te onthouden dat je positief probeert te blijven. Streef in tijden van constante negatieve berichten naar een positieve houding en ga vastberaden en hoopvol verder. Neem deel aan activiteiten die positief, hartverwarmend, stressverlagend en lachwekkend zijn &#8211; en onthoud dat we hier doorheen zullen komen.<\/p>\n\n\n\n<h2>Steg och \u00e5tg\u00e4rder f\u00f6r att f\u00f6rbli positiv och ta itu med ett vinterdopp<\/h2>\n\n\n\n<p>Dessa enkla \u00e5tg\u00e4rder kan hj\u00e4lpa dig att f\u00f6rbli positivt positiv:<\/p>\n\n\n\n<ul><li>Kom ih\u00e5g att saker och ting inte kommer att vara s\u00e5 h\u00e4r f\u00f6r alltid.<\/li><li>P\u00e5minn dig sj\u00e4lv om vad som \u00e4r bra i ditt liv.<\/li><li>Ta hand om dina grannar, familj och v\u00e4nner &amp; ta hand om dig sj\u00e4lv.<\/li><li>G\u00f6r n\u00e5got trevligt f\u00f6r en fr\u00e4mling p\u00e5 m\u00e5f\u00e5 d\u00e5 och d\u00e5.<\/li><li>Skicka presenter via post.<\/li><li>Se en rolig video.<\/li><li>Begr\u00e4nsa hur mycket tid du tittar p\u00e5 TV.<\/li><\/ul>\n\n\n\n<p><small class=\"sources\">K\u00e4llor inkluderar Cleveland Clinic (<a href=\"https:\/\/health.clevelandclinic.org\/3-best-strategies-help-fight-seasonal-affective-disorder\/\" target=\"_blank\" rel=\"noreferrer noopener nofollow\">OCH<\/a>), ConeHealth (<a href=\"https:\/\/www.conehealth.com\/services\/behavioral-health\/7-ways-to-beat-the-winter-blues\/\" target=\"_blank\" rel=\"noreferrer noopener nofollow\">OCH<\/a>), Vardagsh\u00e4lsa (<a href=\"https:\/\/www.everydayhealth.com\/depression\/treatment\/ways-to-ease-seasonal-depression\/\" target=\"_blank\" rel=\"noreferrer noopener nofollow\">OCH<\/a>), storist (<a href=\"https:\/\/greatist.com\/happiness\/6-ways-fight-seasonal-affective-disorder-sad\" target=\"_blank\" rel=\"noreferrer noopener nofollow\">OCH<\/a>)<\/small><\/p>","protected":false},"excerpt":{"rendered":"<p>De winterblues of een winterdip is eigenlijk een andere naam voor seizoensgebonden affectieve stoornis (SAD). Het is een vorm van depressie met een seizoenspatroon dat in de herfst kan beginnen en tot de lente kan duren. Naarmate de dagen korter en kouder worden, kan het gebrek aan zonlicht je een verdrietig gevoel geven, weinig energie [&hellip;]<\/p>","protected":false},"author":1,"featured_media":2929,"comment_status":"open","ping_status":"open","sticky":false,"template":"","format":"standard","meta":{"inline_featured_image":false,"tdm_status":"","tdm_grid_status":""},"categories":[22,4,23],"tags":[129,266,80,14,155,130,167,74,137,83],"_links":{"self":[{"href":"https:\/\/codetofreedom.com\/sv\/wp-json\/wp\/v2\/posts\/2915"}],"collection":[{"href":"https:\/\/codetofreedom.com\/sv\/wp-json\/wp\/v2\/posts"}],"about":[{"href":"https:\/\/codetofreedom.com\/sv\/wp-json\/wp\/v2\/types\/post"}],"author":[{"embeddable":true,"href":"https:\/\/codetofreedom.com\/sv\/wp-json\/wp\/v2\/users\/1"}],"replies":[{"embeddable":true,"href":"https:\/\/codetofreedom.com\/sv\/wp-json\/wp\/v2\/comments?post=2915"}],"version-history":[{"count":14,"href":"https:\/\/codetofreedom.com\/sv\/wp-json\/wp\/v2\/posts\/2915\/revisions"}],"predecessor-version":[{"id":2930,"href":"https:\/\/codetofreedom.com\/sv\/wp-json\/wp\/v2\/posts\/2915\/revisions\/2930"}],"wp:featuredmedia":[{"embeddable":true,"href":"https:\/\/codetofreedom.com\/sv\/wp-json\/wp\/v2\/media\/2929"}],"wp:attachment":[{"href":"https:\/\/codetofreedom.com\/sv\/wp-json\/wp\/v2\/media?parent=2915"}],"wp:term":[{"taxonomy":"category","embeddable":true,"href":"https:\/\/codetofreedom.com\/sv\/wp-json\/wp\/v2\/categories?post=2915"},{"taxonomy":"post_tag","embeddable":true,"href":"https:\/\/codetofreedom.com\/sv\/wp-json\/wp\/v2\/tags?post=2915"}],"curies":[{"name":"wp","href":"https:\/\/api.w.org\/{rel}","templated":true}]}}